{"id":694,"date":"2026-03-27T08:46:30","date_gmt":"2026-03-27T07:46:30","guid":{"rendered":"https:\/\/www.kombishop.fr\/blog\/?p=694"},"modified":"2026-04-28T12:13:41","modified_gmt":"2026-04-28T10:13:41","slug":"kombishop-au-vanlife-expo-rennes-3e-participation-consecutive","status":"publish","type":"post","link":"https:\/\/www.kombishop.fr\/blog\/actus\/kombishop-au-vanlife-expo-rennes-3e-participation-consecutive\/","title":{"rendered":"Kombishop au Vanlife Expo Rennes : 3e participation cons\u00e9cutive"},"content":{"rendered":"\n<figure class=\"wp-block-image size-large is-resized\"><img data-recalc-dims=\"1\" loading=\"lazy\" decoding=\"async\" width=\"1024\" height=\"1024\" src=\"https:\/\/i0.wp.com\/www.kombishop.fr\/blog\/wp-content\/uploads\/2026\/03\/LOGO-VANLIFE-EXPO-1024x1024.png?resize=1024%2C1024&#038;ssl=1\" alt=\"\" class=\"wp-image-695\" style=\"width:266px;height:auto\" srcset=\"https:\/\/i0.wp.com\/www.kombishop.fr\/blog\/wp-content\/uploads\/2026\/03\/LOGO-VANLIFE-EXPO.png?resize=1024%2C1024&amp;ssl=1 1024w, https:\/\/i0.wp.com\/www.kombishop.fr\/blog\/wp-content\/uploads\/2026\/03\/LOGO-VANLIFE-EXPO.png?resize=300%2C300&amp;ssl=1 300w, https:\/\/i0.wp.com\/www.kombishop.fr\/blog\/wp-content\/uploads\/2026\/03\/LOGO-VANLIFE-EXPO.png?resize=150%2C150&amp;ssl=1 150w, https:\/\/i0.wp.com\/www.kombishop.fr\/blog\/wp-content\/uploads\/2026\/03\/LOGO-VANLIFE-EXPO.png?resize=768%2C768&amp;ssl=1 768w, https:\/\/i0.wp.com\/www.kombishop.fr\/blog\/wp-content\/uploads\/2026\/03\/LOGO-VANLIFE-EXPO.png?resize=1536%2C1536&amp;ssl=1 1536w, https:\/\/i0.wp.com\/www.kombishop.fr\/blog\/wp-content\/uploads\/2026\/03\/LOGO-VANLIFE-EXPO.png?w=1772&amp;ssl=1 1772w\" sizes=\"auto, (max-width: 1000px) 100vw, 1000px\" \/><\/figure>\n\n\n\n<p>Pour la <strong>troisi\u00e8me ann\u00e9e cons\u00e9cutive<\/strong>, Kombishop sera pr\u00e9sent au <strong><a href=\"https:\/\/vanlife-expo.com\/\">Vanlife Expo de Rennes<\/a><\/strong>. Un rendez-vous que nous attendons chaque ann\u00e9e avec enthousiasme \u2014 et, il faut le dire, avec une vraie affection pour ce salon devenu incontournable dans l\u2019univers de la vanlife.<\/p>\n\n\n\n<h3 class=\"wp-block-heading\">Un salon qu\u2019on conna\u00eet\u2026 et qu\u2019on adore<\/h3>\n\n\n\n<p>Le <strong>Vanlife Expo de Rennes<\/strong>, c\u2019est avant tout un \u00e9v\u00e9nement \u00e0 taille humaine, dynamique, et parfaitement en phase avec notre vision du voyage : libert\u00e9, simplicit\u00e9, accessibilit\u00e9.<\/p>\n\n\n\n<p>C\u2019est aussi l\u2019occasion de <strong>rencontrer directement les passionn\u00e9s<\/strong>, les curieux, les familles, ou encore ceux qui envisagent leur premier projet de voyage en v\u00e9hicule. Et \u00e7a, pour nous, c\u2019est essentiel.<\/p>\n\n\n\n<figure class=\"wp-block-image size-large\"><img data-recalc-dims=\"1\" loading=\"lazy\" decoding=\"async\" width=\"1024\" height=\"576\" src=\"https:\/\/i0.wp.com\/www.kombishop.fr\/blog\/wp-content\/uploads\/2026\/03\/AFFICHE-HORIZONTALE-VANLIFE-EXPO-RENNES-2026.jpg?resize=1024%2C576&#038;ssl=1\" alt=\"\" class=\"wp-image-696\" srcset=\"https:\/\/i0.wp.com\/www.kombishop.fr\/blog\/wp-content\/uploads\/2026\/03\/AFFICHE-HORIZONTALE-VANLIFE-EXPO-RENNES-2026-scaled.jpg?resize=1024%2C576&amp;ssl=1 1024w, https:\/\/i0.wp.com\/www.kombishop.fr\/blog\/wp-content\/uploads\/2026\/03\/AFFICHE-HORIZONTALE-VANLIFE-EXPO-RENNES-2026-scaled.jpg?resize=300%2C169&amp;ssl=1 300w, https:\/\/i0.wp.com\/www.kombishop.fr\/blog\/wp-content\/uploads\/2026\/03\/AFFICHE-HORIZONTALE-VANLIFE-EXPO-RENNES-2026-scaled.jpg?resize=768%2C432&amp;ssl=1 768w, https:\/\/i0.wp.com\/www.kombishop.fr\/blog\/wp-content\/uploads\/2026\/03\/AFFICHE-HORIZONTALE-VANLIFE-EXPO-RENNES-2026-scaled.jpg?resize=1536%2C864&amp;ssl=1 1536w, https:\/\/i0.wp.com\/www.kombishop.fr\/blog\/wp-content\/uploads\/2026\/03\/AFFICHE-HORIZONTALE-VANLIFE-EXPO-RENNES-2026-scaled.jpg?resize=2048%2C1152&amp;ssl=1 2048w\" sizes=\"auto, (max-width: 1000px) 100vw, 1000px\" \/><\/figure>\n\n\n\n<h3 class=\"wp-block-heading\">Notre mission : rendre la tente de toit accessible \u00e0 tous<\/h3>\n\n\n\n<p>Chez Kombishop, nous d\u00e9fendons une conviction simple :<br><em>pas besoin de partir \u00e0 l\u2019autre bout du monde pour vivre l\u2019aventure.<\/em><\/p>\n\n\n\n<p>Avec une voiture, une tente de toit et un peu d\u2019envie, il est d\u00e9j\u00e0 possible de s\u2019\u00e9vader, m\u00eame \u00e0 quelques kilom\u00e8tres de chez soi.<\/p>\n\n\n\n<p>Au salon de Rennes, nous viendrons pr\u00e9senter une s\u00e9lection de nos <strong>tentes de toit les plus embl\u00e9matiques<\/strong>, pens\u00e9es pour r\u00e9pondre \u00e0 tous les profils :<\/p>\n\n\n\n<ul class=\"wp-block-list\">\n<li><strong>D\u00e9ploiement rapide et utilisation simple<\/strong>, m\u00eame pour une premi\u00e8re exp\u00e9rience<\/li>\n\n\n\n<li><strong>Large choix de dimensions<\/strong>, du solo au format familial<\/li>\n\n\n\n<li><strong>Confort optimis\u00e9<\/strong>, pour dormir aussi bien qu\u2019\u00e0 la maison<\/li>\n\n\n\n<li><strong>Prix accessibles<\/strong>, sans compromis sur la qualit\u00e9<\/li>\n<\/ul>\n\n\n\n<p>Que vous soyez en week-end improvis\u00e9 ou en road trip longue dur\u00e9e, il existe une solution adapt\u00e9e \u00e0 votre projet.<\/p>\n\n\n\n<figure class=\"wp-block-image size-large\"><img data-recalc-dims=\"1\" loading=\"lazy\" decoding=\"async\" width=\"1024\" height=\"362\" src=\"https:\/\/i0.wp.com\/www.kombishop.fr\/blog\/wp-content\/uploads\/2026\/03\/Blog-stand-bordeaux.jpg?resize=1024%2C362&#038;ssl=1\" alt=\"\" class=\"wp-image-700\" srcset=\"https:\/\/i0.wp.com\/www.kombishop.fr\/blog\/wp-content\/uploads\/2026\/03\/Blog-stand-bordeaux.jpg?resize=1024%2C362&amp;ssl=1 1024w, https:\/\/i0.wp.com\/www.kombishop.fr\/blog\/wp-content\/uploads\/2026\/03\/Blog-stand-bordeaux.jpg?resize=300%2C106&amp;ssl=1 300w, https:\/\/i0.wp.com\/www.kombishop.fr\/blog\/wp-content\/uploads\/2026\/03\/Blog-stand-bordeaux.jpg?resize=768%2C271&amp;ssl=1 768w, https:\/\/i0.wp.com\/www.kombishop.fr\/blog\/wp-content\/uploads\/2026\/03\/Blog-stand-bordeaux.jpg?w=1240&amp;ssl=1 1240w\" sizes=\"auto, (max-width: 1000px) 100vw, 1000px\" \/><\/figure>\n\n\n\n<h3 class=\"wp-block-heading\">Leader sur le Grand Ouest\u2026 et toujours proches de vous<\/h3>\n\n\n\n<p>Kombishop s\u2019impose aujourd\u2019hui comme un <strong>acteur de r\u00e9f\u00e9rence de la tente de toit dans le Grand Ouest<\/strong>. Cette position, nous la devons avant tout \u00e0 la confiance de nos clients et \u00e0 notre engagement quotidien : proposer des produits fiables, test\u00e9s, et r\u00e9ellement pens\u00e9s pour le terrain.<\/p>\n\n\n\n<p>Participer au Vanlife Expo de Rennes, c\u2019est aussi une mani\u00e8re de <strong>rester proches de notre communaut\u00e9<\/strong>, d\u2019\u00e9changer, de conseiller, et de faire d\u00e9couvrir nos solutions en conditions r\u00e9elles.<\/p>\n\n\n\n<h3 class=\"wp-block-heading\">Venez d\u00e9couvrir, comparer\u2026 et vous projeter<\/h3>\n\n\n\n<p>Sur notre stand, vous pourrez :<\/p>\n\n\n\n<ul class=\"wp-block-list\">\n<li>Voir nos <a href=\"https:\/\/www.kombishop.fr\/4-tentes-de-toit\">tentes de toit<\/a> mises en place et pr\u00eates \u00e0 \u00eatre manipul\u00e9es <\/li>\n\n\n\n<li>Comprendre leur fonctionnement en quelques minutes<\/li>\n\n\n\n<li>Comparer les mod\u00e8les selon vos besoins<\/li>\n\n\n\n<li>Poser toutes vos questions \u00e0 <a href=\"https:\/\/www.kombishop.fr\/nous-contacter\">l&rsquo;\u00e9quipe de Kombishop<\/a> \ud83d\ude42<\/li>\n<\/ul>\n\n\n\n<p>Et surtout : <strong>vous projeter concr\u00e8tement dans votre prochain voyage<\/strong>.<\/p>\n\n\n\n<figure class=\"wp-block-image size-large\"><img data-recalc-dims=\"1\" loading=\"lazy\" decoding=\"async\" width=\"819\" height=\"1024\" src=\"https:\/\/i0.wp.com\/www.kombishop.fr\/blog\/wp-content\/uploads\/2026\/03\/KOMBISHOP-EXPOSANT-VANLIFE-EXPO-RENNES-2026.jpg?resize=819%2C1024&#038;ssl=1\" alt=\"\" class=\"wp-image-697\" srcset=\"https:\/\/i0.wp.com\/www.kombishop.fr\/blog\/wp-content\/uploads\/2026\/03\/KOMBISHOP-EXPOSANT-VANLIFE-EXPO-RENNES-2026-scaled.jpg?resize=819%2C1024&amp;ssl=1 819w, https:\/\/i0.wp.com\/www.kombishop.fr\/blog\/wp-content\/uploads\/2026\/03\/KOMBISHOP-EXPOSANT-VANLIFE-EXPO-RENNES-2026-scaled.jpg?resize=240%2C300&amp;ssl=1 240w, https:\/\/i0.wp.com\/www.kombishop.fr\/blog\/wp-content\/uploads\/2026\/03\/KOMBISHOP-EXPOSANT-VANLIFE-EXPO-RENNES-2026-scaled.jpg?resize=768%2C960&amp;ssl=1 768w, https:\/\/i0.wp.com\/www.kombishop.fr\/blog\/wp-content\/uploads\/2026\/03\/KOMBISHOP-EXPOSANT-VANLIFE-EXPO-RENNES-2026-scaled.jpg?resize=1229%2C1536&amp;ssl=1 1229w, https:\/\/i0.wp.com\/www.kombishop.fr\/blog\/wp-content\/uploads\/2026\/03\/KOMBISHOP-EXPOSANT-VANLIFE-EXPO-RENNES-2026-scaled.jpg?resize=1638%2C2048&amp;ssl=1 1638w, https:\/\/i0.wp.com\/www.kombishop.fr\/blog\/wp-content\/uploads\/2026\/03\/KOMBISHOP-EXPOSANT-VANLIFE-EXPO-RENNES-2026-scaled.jpg?w=2048&amp;ssl=1 2048w\" sizes=\"auto, (max-width: 819px) 100vw, 819px\" \/><\/figure>\n\n\n\n<h3 class=\"wp-block-heading\">On se retrouve \u00e0 Rennes ?<\/h3>\n\n\n\n<p>Que vous soyez d\u00e9j\u00e0 \u00e9quip\u00e9 ou simplement en phase de r\u00e9flexion, passez nous voir.<br>Nous serons ravis d\u2019\u00e9changer avec vous et de vous accompagner dans votre projet.<\/p>\n\n\n\n<p>N&rsquo;h\u00e9sitez pas \u00e0 lire <a href=\"https:\/\/www.vanlifemag.fr\/evenementsalon\/vanlife-expo-2026-rennes-grenoble-bordeaux-toutes-les-infos-pratiques\/99555\">l&rsquo;article de Vanlife Magazine<\/a> sur l&rsquo;\u00e9v\u00e9nement de cette ann\u00e9e ! <\/p>\n\n\n\n<p><strong>Kombishop, c\u2019est la vanlife accessible, concr\u00e8te et pr\u00eate \u00e0 partir.<\/strong><\/p>\n\n\n\n<p><\/p>\n","protected":false},"excerpt":{"rendered":"<p>Pour la troisi\u00e8me ann\u00e9e cons\u00e9cutive, Kombishop sera pr\u00e9sent au Vanlife Expo de Rennes. Un rendez-vous que nous attendons chaque ann\u00e9e avec enthousiasme \u2014 et, il faut le dire, avec une vraie affection pour ce salon devenu incontournable dans l\u2019univers de la vanlife. Un salon qu\u2019on conna\u00eet\u2026 et qu\u2019on adore Le Vanlife Expo de Rennes, c\u2019est [&hellip;]<\/p>\n","protected":false},"author":3,"featured_media":0,"comment_status":"open","ping_status":"open","sticky":false,"template":"","format":"standard","meta":{"_uag_custom_page_level_css":"","cybocfi_hide_featured_image":"","iawp_total_views":2,"footnotes":""},"categories":[11],"tags":[],"class_list":["post-694","post","type-post","status-publish","format-standard","hentry","category-actus"],"yoast_head":"<!-- This site is optimized with the Yoast SEO plugin v27.2 - https:\/\/yoast.com\/product\/yoast-seo-wordpress\/ -->\n<title>Kombishop au Vanlife Expo Rennes : 3e participation cons\u00e9cutive - Kombishop Blog<\/title>\n<meta name=\"robots\" content=\"index, follow, max-snippet:-1, max-image-preview:large, max-video-preview:-1\" \/>\n<link rel=\"canonical\" href=\"https:\/\/www.kombishop.fr\/blog\/actus\/kombishop-au-vanlife-expo-rennes-3e-participation-consecutive\/\" \/>\n<meta property=\"og:locale\" content=\"fr_FR\" \/>\n<meta property=\"og:type\" content=\"article\" \/>\n<meta property=\"og:title\" content=\"Kombishop au Vanlife Expo Rennes : 3e participation cons\u00e9cutive - Kombishop Blog\" \/>\n<meta property=\"og:description\" content=\"Pour la troisi\u00e8me ann\u00e9e cons\u00e9cutive, Kombishop sera pr\u00e9sent au Vanlife Expo de Rennes. Un rendez-vous que nous attendons chaque ann\u00e9e avec enthousiasme \u2014 et, il faut le dire, avec une vraie affection pour ce salon devenu incontournable dans l\u2019univers de la vanlife. Un salon qu\u2019on conna\u00eet\u2026 et qu\u2019on adore Le Vanlife Expo de Rennes, c\u2019est [&hellip;]\" \/>\n<meta property=\"og:url\" content=\"https:\/\/www.kombishop.fr\/blog\/actus\/kombishop-au-vanlife-expo-rennes-3e-participation-consecutive\/\" \/>\n<meta property=\"og:site_name\" content=\"Kombishop Blog\" \/>\n<meta property=\"article:publisher\" content=\"https:\/\/www.facebook.com\/Kombishop.france\/?locale=fr_FR\" \/>\n<meta property=\"article:published_time\" content=\"2026-03-27T07:46:30+00:00\" \/>\n<meta property=\"article:modified_time\" content=\"2026-04-28T10:13:41+00:00\" \/>\n<meta property=\"og:image\" content=\"https:\/\/www.kombishop.fr\/blog\/wp-content\/uploads\/2026\/03\/LOGO-VANLIFE-EXPO-1024x1024.png\" \/>\n<meta name=\"author\" content=\"Aurore Texereau\" \/>\n<meta name=\"twitter:card\" content=\"summary_large_image\" \/>\n<meta name=\"twitter:label1\" content=\"\u00c9crit par\" \/>\n\t<meta name=\"twitter:data1\" content=\"Aurore Texereau\" \/>\n\t<meta name=\"twitter:label2\" content=\"Dur\u00e9e de lecture estim\u00e9e\" \/>\n\t<meta name=\"twitter:data2\" content=\"3 minutes\" \/>\n<script type=\"application\/ld+json\" class=\"yoast-schema-graph\">{\"@context\":\"https:\/\/schema.org\",\"@graph\":[{\"@type\":\"Article\",\"@id\":\"https:\/\/www.kombishop.fr\/blog\/actus\/kombishop-au-vanlife-expo-rennes-3e-participation-consecutive\/#article\",\"isPartOf\":{\"@id\":\"https:\/\/www.kombishop.fr\/blog\/actus\/kombishop-au-vanlife-expo-rennes-3e-participation-consecutive\/\"},\"author\":{\"name\":\"Aurore Texereau\",\"@id\":\"https:\/\/www.kombishop.fr\/blog\/#\/schema\/person\/728c52153a8ca9e2e4f5ec2d4a9c05c9\"},\"headline\":\"Kombishop au Vanlife Expo Rennes : 3e participation cons\u00e9cutive\",\"datePublished\":\"2026-03-27T07:46:30+00:00\",\"dateModified\":\"2026-04-28T10:13:41+00:00\",\"mainEntityOfPage\":{\"@id\":\"https:\/\/www.kombishop.fr\/blog\/actus\/kombishop-au-vanlife-expo-rennes-3e-participation-consecutive\/\"},\"wordCount\":489,\"commentCount\":0,\"publisher\":{\"@id\":\"https:\/\/www.kombishop.fr\/blog\/#organization\"},\"image\":{\"@id\":\"https:\/\/www.kombishop.fr\/blog\/actus\/kombishop-au-vanlife-expo-rennes-3e-participation-consecutive\/#primaryimage\"},\"thumbnailUrl\":\"https:\/\/www.kombishop.fr\/blog\/wp-content\/uploads\/2026\/03\/LOGO-VANLIFE-EXPO-1024x1024.png\",\"articleSection\":[\"Actus\"],\"inLanguage\":\"fr-FR\",\"potentialAction\":[{\"@type\":\"CommentAction\",\"name\":\"Comment\",\"target\":[\"https:\/\/www.kombishop.fr\/blog\/actus\/kombishop-au-vanlife-expo-rennes-3e-participation-consecutive\/#respond\"]}]},{\"@type\":\"WebPage\",\"@id\":\"https:\/\/www.kombishop.fr\/blog\/actus\/kombishop-au-vanlife-expo-rennes-3e-participation-consecutive\/\",\"url\":\"https:\/\/www.kombishop.fr\/blog\/actus\/kombishop-au-vanlife-expo-rennes-3e-participation-consecutive\/\",\"name\":\"Kombishop au Vanlife Expo Rennes : 3e participation cons\u00e9cutive - Kombishop Blog\",\"isPartOf\":{\"@id\":\"https:\/\/www.kombishop.fr\/blog\/#website\"},\"primaryImageOfPage\":{\"@id\":\"https:\/\/www.kombishop.fr\/blog\/actus\/kombishop-au-vanlife-expo-rennes-3e-participation-consecutive\/#primaryimage\"},\"image\":{\"@id\":\"https:\/\/www.kombishop.fr\/blog\/actus\/kombishop-au-vanlife-expo-rennes-3e-participation-consecutive\/#primaryimage\"},\"thumbnailUrl\":\"https:\/\/www.kombishop.fr\/blog\/wp-content\/uploads\/2026\/03\/LOGO-VANLIFE-EXPO-1024x1024.png\",\"datePublished\":\"2026-03-27T07:46:30+00:00\",\"dateModified\":\"2026-04-28T10:13:41+00:00\",\"breadcrumb\":{\"@id\":\"https:\/\/www.kombishop.fr\/blog\/actus\/kombishop-au-vanlife-expo-rennes-3e-participation-consecutive\/#breadcrumb\"},\"inLanguage\":\"fr-FR\",\"potentialAction\":[{\"@type\":\"ReadAction\",\"target\":[\"https:\/\/www.kombishop.fr\/blog\/actus\/kombishop-au-vanlife-expo-rennes-3e-participation-consecutive\/\"]}]},{\"@type\":\"ImageObject\",\"inLanguage\":\"fr-FR\",\"@id\":\"https:\/\/www.kombishop.fr\/blog\/actus\/kombishop-au-vanlife-expo-rennes-3e-participation-consecutive\/#primaryimage\",\"url\":\"https:\/\/i0.wp.com\/www.kombishop.fr\/blog\/wp-content\/uploads\/2026\/03\/LOGO-VANLIFE-EXPO.png?fit=1772%2C1772&ssl=1\",\"contentUrl\":\"https:\/\/i0.wp.com\/www.kombishop.fr\/blog\/wp-content\/uploads\/2026\/03\/LOGO-VANLIFE-EXPO.png?fit=1772%2C1772&ssl=1\",\"width\":1772,\"height\":1772},{\"@type\":\"BreadcrumbList\",\"@id\":\"https:\/\/www.kombishop.fr\/blog\/actus\/kombishop-au-vanlife-expo-rennes-3e-participation-consecutive\/#breadcrumb\",\"itemListElement\":[{\"@type\":\"ListItem\",\"position\":1,\"name\":\"Accueil\",\"item\":\"https:\/\/www.kombishop.fr\/blog\/\"},{\"@type\":\"ListItem\",\"position\":2,\"name\":\"Kombishop au Vanlife Expo Rennes : 3e participation cons\u00e9cutive\"}]},{\"@type\":\"WebSite\",\"@id\":\"https:\/\/www.kombishop.fr\/blog\/#website\",\"url\":\"https:\/\/www.kombishop.fr\/blog\/\",\"name\":\"Kombishop Blog\",\"description\":\"Vans d\u2019occasion, tentes de toit et \u00e9quipements Vanlife.\",\"publisher\":{\"@id\":\"https:\/\/www.kombishop.fr\/blog\/#organization\"},\"potentialAction\":[{\"@type\":\"SearchAction\",\"target\":{\"@type\":\"EntryPoint\",\"urlTemplate\":\"https:\/\/www.kombishop.fr\/blog\/?s={search_term_string}\"},\"query-input\":{\"@type\":\"PropertyValueSpecification\",\"valueRequired\":true,\"valueName\":\"search_term_string\"}}],\"inLanguage\":\"fr-FR\"},{\"@type\":\"Organization\",\"@id\":\"https:\/\/www.kombishop.fr\/blog\/#organization\",\"name\":\"Kombishop\",\"url\":\"https:\/\/www.kombishop.fr\/blog\/\",\"logo\":{\"@type\":\"ImageObject\",\"inLanguage\":\"fr-FR\",\"@id\":\"https:\/\/www.kombishop.fr\/blog\/#\/schema\/logo\/image\/\",\"url\":\"https:\/\/i0.wp.com\/www.kombishop.fr\/blog\/wp-content\/uploads\/2024\/11\/logo-kombishop-blog-1.gif?fit=383%2C137&ssl=1\",\"contentUrl\":\"https:\/\/i0.wp.com\/www.kombishop.fr\/blog\/wp-content\/uploads\/2024\/11\/logo-kombishop-blog-1.gif?fit=383%2C137&ssl=1\",\"width\":383,\"height\":137,\"caption\":\"Kombishop\"},\"image\":{\"@id\":\"https:\/\/www.kombishop.fr\/blog\/#\/schema\/logo\/image\/\"},\"sameAs\":[\"https:\/\/www.facebook.com\/Kombishop.france\/?locale=fr_FR\",\"https:\/\/www.instagram.com\/kombishop.france\/\"]},{\"@type\":\"Person\",\"@id\":\"https:\/\/www.kombishop.fr\/blog\/#\/schema\/person\/728c52153a8ca9e2e4f5ec2d4a9c05c9\",\"name\":\"Aurore Texereau\",\"image\":{\"@type\":\"ImageObject\",\"inLanguage\":\"fr-FR\",\"@id\":\"https:\/\/secure.gravatar.com\/avatar\/ee3274e50b6922457fd46b855a8456a8190e0ee18c4892a563276bfbbab5a25a?s=96&d=mm&r=g\",\"url\":\"https:\/\/secure.gravatar.com\/avatar\/ee3274e50b6922457fd46b855a8456a8190e0ee18c4892a563276bfbbab5a25a?s=96&d=mm&r=g\",\"contentUrl\":\"https:\/\/secure.gravatar.com\/avatar\/ee3274e50b6922457fd46b855a8456a8190e0ee18c4892a563276bfbbab5a25a?s=96&d=mm&r=g\",\"caption\":\"Aurore Texereau\"},\"sameAs\":[\"https:\/\/www.kombishop.fr\"],\"url\":\"https:\/\/www.kombishop.fr\/blog\/author\/kombishop\/\"}]}<\/script>\n<!-- \/ Yoast SEO plugin. -->","yoast_head_json":{"title":"Kombishop au Vanlife Expo Rennes : 3e participation cons\u00e9cutive - Kombishop Blog","robots":{"index":"index","follow":"follow","max-snippet":"max-snippet:-1","max-image-preview":"max-image-preview:large","max-video-preview":"max-video-preview:-1"},"canonical":"https:\/\/www.kombishop.fr\/blog\/actus\/kombishop-au-vanlife-expo-rennes-3e-participation-consecutive\/","og_locale":"fr_FR","og_type":"article","og_title":"Kombishop au Vanlife Expo Rennes : 3e participation cons\u00e9cutive - Kombishop Blog","og_description":"Pour la troisi\u00e8me ann\u00e9e cons\u00e9cutive, Kombishop sera pr\u00e9sent au Vanlife Expo de Rennes. Un rendez-vous que nous attendons chaque ann\u00e9e avec enthousiasme \u2014 et, il faut le dire, avec une vraie affection pour ce salon devenu incontournable dans l\u2019univers de la vanlife. Un salon qu\u2019on conna\u00eet\u2026 et qu\u2019on adore Le Vanlife Expo de Rennes, c\u2019est [&hellip;]","og_url":"https:\/\/www.kombishop.fr\/blog\/actus\/kombishop-au-vanlife-expo-rennes-3e-participation-consecutive\/","og_site_name":"Kombishop Blog","article_publisher":"https:\/\/www.facebook.com\/Kombishop.france\/?locale=fr_FR","article_published_time":"2026-03-27T07:46:30+00:00","article_modified_time":"2026-04-28T10:13:41+00:00","og_image":[{"url":"https:\/\/www.kombishop.fr\/blog\/wp-content\/uploads\/2026\/03\/LOGO-VANLIFE-EXPO-1024x1024.png","type":"","width":"","height":""}],"author":"Aurore Texereau","twitter_card":"summary_large_image","twitter_misc":{"\u00c9crit par":"Aurore Texereau","Dur\u00e9e de lecture estim\u00e9e":"3 minutes"},"schema":{"@context":"https:\/\/schema.org","@graph":[{"@type":"Article","@id":"https:\/\/www.kombishop.fr\/blog\/actus\/kombishop-au-vanlife-expo-rennes-3e-participation-consecutive\/#article","isPartOf":{"@id":"https:\/\/www.kombishop.fr\/blog\/actus\/kombishop-au-vanlife-expo-rennes-3e-participation-consecutive\/"},"author":{"name":"Aurore Texereau","@id":"https:\/\/www.kombishop.fr\/blog\/#\/schema\/person\/728c52153a8ca9e2e4f5ec2d4a9c05c9"},"headline":"Kombishop au Vanlife Expo Rennes : 3e participation cons\u00e9cutive","datePublished":"2026-03-27T07:46:30+00:00","dateModified":"2026-04-28T10:13:41+00:00","mainEntityOfPage":{"@id":"https:\/\/www.kombishop.fr\/blog\/actus\/kombishop-au-vanlife-expo-rennes-3e-participation-consecutive\/"},"wordCount":489,"commentCount":0,"publisher":{"@id":"https:\/\/www.kombishop.fr\/blog\/#organization"},"image":{"@id":"https:\/\/www.kombishop.fr\/blog\/actus\/kombishop-au-vanlife-expo-rennes-3e-participation-consecutive\/#primaryimage"},"thumbnailUrl":"https:\/\/www.kombishop.fr\/blog\/wp-content\/uploads\/2026\/03\/LOGO-VANLIFE-EXPO-1024x1024.png","articleSection":["Actus"],"inLanguage":"fr-FR","potentialAction":[{"@type":"CommentAction","name":"Comment","target":["https:\/\/www.kombishop.fr\/blog\/actus\/kombishop-au-vanlife-expo-rennes-3e-participation-consecutive\/#respond"]}]},{"@type":"WebPage","@id":"https:\/\/www.kombishop.fr\/blog\/actus\/kombishop-au-vanlife-expo-rennes-3e-participation-consecutive\/","url":"https:\/\/www.kombishop.fr\/blog\/actus\/kombishop-au-vanlife-expo-rennes-3e-participation-consecutive\/","name":"Kombishop au Vanlife Expo Rennes : 3e participation cons\u00e9cutive - Kombishop Blog","isPartOf":{"@id":"https:\/\/www.kombishop.fr\/blog\/#website"},"primaryImageOfPage":{"@id":"https:\/\/www.kombishop.fr\/blog\/actus\/kombishop-au-vanlife-expo-rennes-3e-participation-consecutive\/#primaryimage"},"image":{"@id":"https:\/\/www.kombishop.fr\/blog\/actus\/kombishop-au-vanlife-expo-rennes-3e-participation-consecutive\/#primaryimage"},"thumbnailUrl":"https:\/\/www.kombishop.fr\/blog\/wp-content\/uploads\/2026\/03\/LOGO-VANLIFE-EXPO-1024x1024.png","datePublished":"2026-03-27T07:46:30+00:00","dateModified":"2026-04-28T10:13:41+00:00","breadcrumb":{"@id":"https:\/\/www.kombishop.fr\/blog\/actus\/kombishop-au-vanlife-expo-rennes-3e-participation-consecutive\/#breadcrumb"},"inLanguage":"fr-FR","potentialAction":[{"@type":"ReadAction","target":["https:\/\/www.kombishop.fr\/blog\/actus\/kombishop-au-vanlife-expo-rennes-3e-participation-consecutive\/"]}]},{"@type":"ImageObject","inLanguage":"fr-FR","@id":"https:\/\/www.kombishop.fr\/blog\/actus\/kombishop-au-vanlife-expo-rennes-3e-participation-consecutive\/#primaryimage","url":"https:\/\/i0.wp.com\/www.kombishop.fr\/blog\/wp-content\/uploads\/2026\/03\/LOGO-VANLIFE-EXPO.png?fit=1772%2C1772&ssl=1","contentUrl":"https:\/\/i0.wp.com\/www.kombishop.fr\/blog\/wp-content\/uploads\/2026\/03\/LOGO-VANLIFE-EXPO.png?fit=1772%2C1772&ssl=1","width":1772,"height":1772},{"@type":"BreadcrumbList","@id":"https:\/\/www.kombishop.fr\/blog\/actus\/kombishop-au-vanlife-expo-rennes-3e-participation-consecutive\/#breadcrumb","itemListElement":[{"@type":"ListItem","position":1,"name":"Accueil","item":"https:\/\/www.kombishop.fr\/blog\/"},{"@type":"ListItem","position":2,"name":"Kombishop au Vanlife Expo Rennes : 3e participation cons\u00e9cutive"}]},{"@type":"WebSite","@id":"https:\/\/www.kombishop.fr\/blog\/#website","url":"https:\/\/www.kombishop.fr\/blog\/","name":"Kombishop Blog","description":"Vans d\u2019occasion, tentes de toit et \u00e9quipements Vanlife.","publisher":{"@id":"https:\/\/www.kombishop.fr\/blog\/#organization"},"potentialAction":[{"@type":"SearchAction","target":{"@type":"EntryPoint","urlTemplate":"https:\/\/www.kombishop.fr\/blog\/?s={search_term_string}"},"query-input":{"@type":"PropertyValueSpecification","valueRequired":true,"valueName":"search_term_string"}}],"inLanguage":"fr-FR"},{"@type":"Organization","@id":"https:\/\/www.kombishop.fr\/blog\/#organization","name":"Kombishop","url":"https:\/\/www.kombishop.fr\/blog\/","logo":{"@type":"ImageObject","inLanguage":"fr-FR","@id":"https:\/\/www.kombishop.fr\/blog\/#\/schema\/logo\/image\/","url":"https:\/\/i0.wp.com\/www.kombishop.fr\/blog\/wp-content\/uploads\/2024\/11\/logo-kombishop-blog-1.gif?fit=383%2C137&ssl=1","contentUrl":"https:\/\/i0.wp.com\/www.kombishop.fr\/blog\/wp-content\/uploads\/2024\/11\/logo-kombishop-blog-1.gif?fit=383%2C137&ssl=1","width":383,"height":137,"caption":"Kombishop"},"image":{"@id":"https:\/\/www.kombishop.fr\/blog\/#\/schema\/logo\/image\/"},"sameAs":["https:\/\/www.facebook.com\/Kombishop.france\/?locale=fr_FR","https:\/\/www.instagram.com\/kombishop.france\/"]},{"@type":"Person","@id":"https:\/\/www.kombishop.fr\/blog\/#\/schema\/person\/728c52153a8ca9e2e4f5ec2d4a9c05c9","name":"Aurore Texereau","image":{"@type":"ImageObject","inLanguage":"fr-FR","@id":"https:\/\/secure.gravatar.com\/avatar\/ee3274e50b6922457fd46b855a8456a8190e0ee18c4892a563276bfbbab5a25a?s=96&d=mm&r=g","url":"https:\/\/secure.gravatar.com\/avatar\/ee3274e50b6922457fd46b855a8456a8190e0ee18c4892a563276bfbbab5a25a?s=96&d=mm&r=g","contentUrl":"https:\/\/secure.gravatar.com\/avatar\/ee3274e50b6922457fd46b855a8456a8190e0ee18c4892a563276bfbbab5a25a?s=96&d=mm&r=g","caption":"Aurore Texereau"},"sameAs":["https:\/\/www.kombishop.fr"],"url":"https:\/\/www.kombishop.fr\/blog\/author\/kombishop\/"}]}},"uagb_featured_image_src":{"full":false,"thumbnail":false,"medium":false,"medium_large":false,"large":false,"1536x1536":false,"2048x2048":false},"uagb_author_info":{"display_name":"Aurore Texereau","author_link":"https:\/\/www.kombishop.fr\/blog\/author\/kombishop\/"},"uagb_comment_info":0,"uagb_excerpt":"Pour la troisi\u00e8me ann\u00e9e cons\u00e9cutive, Kombishop sera pr\u00e9sent au Vanlife Expo de Rennes. Un rendez-vous que nous attendons chaque ann\u00e9e avec enthousiasme \u2014 et, il faut le dire, avec une vraie affection pour ce salon devenu incontournable dans l\u2019univers de la vanlife. Un salon qu\u2019on conna\u00eet\u2026 et qu\u2019on adore Le Vanlife Expo de Rennes, c\u2019est\u2026","_links":{"self":[{"href":"https:\/\/www.kombishop.fr\/blog\/wp-json\/wp\/v2\/posts\/694","targetHints":{"allow":["GET"]}}],"collection":[{"href":"https:\/\/www.kombishop.fr\/blog\/wp-json\/wp\/v2\/posts"}],"about":[{"href":"https:\/\/www.kombishop.fr\/blog\/wp-json\/wp\/v2\/types\/post"}],"author":[{"embeddable":true,"href":"https:\/\/www.kombishop.fr\/blog\/wp-json\/wp\/v2\/users\/3"}],"replies":[{"embeddable":true,"href":"https:\/\/www.kombishop.fr\/blog\/wp-json\/wp\/v2\/comments?post=694"}],"version-history":[{"count":4,"href":"https:\/\/www.kombishop.fr\/blog\/wp-json\/wp\/v2\/posts\/694\/revisions"}],"predecessor-version":[{"id":702,"href":"https:\/\/www.kombishop.fr\/blog\/wp-json\/wp\/v2\/posts\/694\/revisions\/702"}],"wp:attachment":[{"href":"https:\/\/www.kombishop.fr\/blog\/wp-json\/wp\/v2\/media?parent=694"}],"wp:term":[{"taxonomy":"category","embeddable":true,"href":"https:\/\/www.kombishop.fr\/blog\/wp-json\/wp\/v2\/categories?post=694"},{"taxonomy":"post_tag","embeddable":true,"href":"https:\/\/www.kombishop.fr\/blog\/wp-json\/wp\/v2\/tags?post=694"}],"curies":[{"name":"wp","href":"https:\/\/api.w.org\/{rel}","templated":true}]}}